{"id":1808,"date":"2024-01-12T11:57:02","date_gmt":"2024-01-12T11:57:02","guid":{"rendered":"https:\/\/maiorescu.ro\/nou2015\/?p=1808"},"modified":"2024-01-12T11:57:02","modified_gmt":"2024-01-12T11:57:02","slug":"154-de-ani-de-existenta-maioresciana-4-noiembrie-2023","status":"publish","type":"post","link":"https:\/\/maiorescu.ro\/nou2015\/2024\/01\/12\/154-de-ani-de-existenta-maioresciana-4-noiembrie-2023\/","title":{"rendered":"154 de ani de existen\u021b\u0103 maiorescian\u0103 &#8211; 4 noiembrie 2023"},"content":{"rendered":"\n<p class=\"has-medium-font-size\"><\/p>\n\n\n\n<hr class=\"wp-block-separator has-css-opacity is-style-wide\"\/>\n\n\n\n<p>Profesori, elevi, p\u0103rin\u021bi \u0219i to\u021bi cei care simt c\u0103 apar\u021bin acestui loc minunat \u0219i anume Colegiul Na\u021bional Ion Maiorescu au s\u0103rb\u0103torit luni 6 noiembrie 2023, 154 de ani de existen\u021b\u0103 a celei mai importante institu\u021bii de educa\u021bie din jude\u021bul Giurgiu. <\/p>\n\n\n\n<p><strong>Program zilei de luni 6 noiembrie a fost urm\u0103torul:<\/strong><br>Ora 10.00 Turneu de fotbal<br>Ora 12.20 Slujba parastasului<br>Ora 13.00 Vernisaj expozi\u021bie desene \u0219i fotografii<br>Ora 13.30 concurs pr\u0103jituri<br>Ora 15.30 Premierea concursurilor<br>Ora 16.30 Picturi privite prin ochelari VR<br>Ora 17.00 Maiorescu \u00eembr\u0103cat \u00een arta -proiec\u021bii de opere celebre pe cl\u0103direa liceului.<\/p>\n\n\n\n<p><strong>Cu aceast\u0103 ocazie, doamna director a \u021binut un mic discurs pe care \u00eel pute\u021bi citi mai jos<\/strong>: <\/p>\n\n\n\n<p>Ieri, am r\u0103sfoit povestea acestui loc&#8230;<\/p>\n\n\n\n<p>Am citit si-am recitit povestea acestei buc\u0103\u021bi de \u0219tiin\u021b\u0103 \u0219i cultur\u0103 rom\u00e2neasc\u0103&#8230;<\/p>\n\n\n\n<p>O \u0219tiam!<\/p>\n\n\n\n<p>\u00cemi place \u00eens\u0103 at\u00e2t de mult \u00eenc\u00e2t mi-am dorit s-o recitesc \u00een onoarea celor care au f\u0103cut celebr\u0103 aceast\u0103 \u0219coal\u0103!<\/p>\n\n\n\n<p>M\u0103 uit la noi, dasc\u0103lii, m\u0103 uit la dumneavoastr\u0103, stima\u021bi elevi, distin\u0219i invita\u021bi!<\/p>\n\n\n\n<p>M\u0103 uit la noi to\u021bi \u0219i, \u00eentr-adev\u0103r, m\u0103 simt ca \u00eentr-o extraordinar\u0103 poveste despre via\u021b\u0103! Despre via\u021ba cu ale sale toate&#8230;<\/p>\n\n\n\n<p>Povestea acestui loc a \u00eenceput cu 18 elevi!<\/p>\n\n\n\n<p>Cu 18 elevi \u0219i cu&#8230; doi profesori!<\/p>\n\n\n\n<p>\u0218tefan Arhimandrescu pe partea \u0219tiin\u021bific\u0103 a pove\u0219tii, profesorul Fortunatu pe partea&#8230; literar\u0103!<\/p>\n\n\n\n<p>Erau vremuri c\u00e2nd \u0219coala era un \u021bel pe care, din nefericire, nu oricine \u0219i-l putea permite! Erau vremuri&nbsp; \u00een care cartea, \u0219coala, dasc\u0103lul, biblioteca&#8230; aveau respectul societ\u0103\u021bii \u00eentregi!<\/p>\n\n\n\n<p>De atunci au trecut \u00eens\u0103&#8230; multe calendare! 154!<\/p>\n\n\n\n<p>154 de toamne, 154 de&#8230; vacan\u021be mari&#x1f609; \u0219i multe, multe festivit\u0103\u021bi de absolvire!<\/p>\n\n\n\n<p>George Georgescu, renumitul dirijor interbelic al Filarmonicii de Stat&#8230; a trecut pe aici, pe la noi! <\/p>\n\n\n\n<p>Celebrul filozof \u0219i istoric literar Tudor Vianu&#8230; tot aici a \u00eenv\u0103\u021bat!<\/p>\n\n\n\n<p>Pictorul D\u0103r\u0103scu Nicolae? Tot parte din povestea aceasta a noastr\u0103 este!&#x1f609;<\/p>\n\n\n\n<p>De la 1869 \u00eencoace, domni\u0219oarelor, doamnelor \u0219i domnilor, stima\u021bi elevi, distin\u0219i invita\u021bi, \u0219coala acesta provincial\u0103 a pus mult\u0103 \u0219tiin\u021b\u0103 \u0219i cultur\u0103 la temelia marii pove\u0219ti numite Rom\u00e2nia!<\/p>\n\n\n\n<p>Mii de personalit\u0103\u021bi ale culturii si-ale \u0219tiin\u021bei rom\u00e2ne\u0219ti au trecut pe aici \u0219i-au r\u0103mas parte din povestea noastr\u0103, a&#8230; Maiore\u0219tilor!<\/p>\n\n\n\n<p>Ei&#8230; au avut visuri pe care au reu\u0219it s\u0103 \u0219i le \u00eemplineasc\u0103 pornind de aici! De la Maiorescu!<\/p>\n\n\n\n<p>La r\u00e2ndu-ne&#8230; \u0219i noi avem visuri!<\/p>\n\n\n\n<p>Dasc\u0103li si elevi, deopotriv\u0103, avem visuri \u0219i c\u0103utam s\u0103 ni le \u00eemplinim!<\/p>\n\n\n\n<p>Stima\u021bi elevi, dragi colegi, distin\u0219i invita\u021bi&#8230; crede\u021bi \u00een voi \u0219i \u00een filosofia de via\u021b\u0103 a acestui minunat loc numit Colegiul Maiorescu!<\/p>\n\n\n\n<p>Oamenii se nasc egali! Diferen\u021ba \u00eentre ei o face cartea!<\/p>\n\n\n\n<p>La mul\u021bi ani nou\u0103!<\/p>\n\n\n\n<p>Prof. dr. Lucica \u2013 Viorica ABABEI<\/p>\n\n\n\n<hr class=\"wp-block-separator has-css-opacity\"\/>\n\n\n\n<p>Imagini de la evenimentele desf\u0103\u0219urate g\u0103si\u021bi<a href=\"https:\/\/photos.app.goo.gl\/JDYG9W2D8947bjWr5\"> aici.<\/a><\/p>\n","protected":false},"excerpt":{"rendered":"<p>Profesori, elevi, p\u0103rin\u021bi \u0219i to\u021bi cei care simt c\u0103 apar\u021bin acestui loc minunat \u0219i anume Colegiul Na\u021bional Ion Maiorescu au s\u0103rb\u0103torit luni 6 noiembrie 2023, 154 de ani de existen\u021b\u0103 a celei mai importante institu\u021bii de educa\u021bie din jude\u021bul Giurgiu. &hellip; <a href=\"https:\/\/maiorescu.ro\/nou2015\/2024\/01\/12\/154-de-ani-de-existenta-maioresciana-4-noiembrie-2023\/\">Continu\u0103 s\u0103 cite\u0219ti <span class=\"meta-nav\">&rarr;<\/span><\/a><\/p>\n","protected":false},"author":1,"featured_media":0,"comment_status":"open","ping_status":"open","sticky":false,"template":"","format":"standard","meta":{"footnotes":""},"categories":[48,12],"tags":[],"class_list":["post-1808","post","type-post","status-publish","format-standard","hentry","category-actiuni-diverse-in-cadrul-scolii","category-evenimente"],"_links":{"self":[{"href":"https:\/\/maiorescu.ro\/nou2015\/wp-json\/wp\/v2\/posts\/1808","targetHints":{"allow":["GET"]}}],"collection":[{"href":"https:\/\/maiorescu.ro\/nou2015\/wp-json\/wp\/v2\/posts"}],"about":[{"href":"https:\/\/maiorescu.ro\/nou2015\/wp-json\/wp\/v2\/types\/post"}],"author":[{"embeddable":true,"href":"https:\/\/maiorescu.ro\/nou2015\/wp-json\/wp\/v2\/users\/1"}],"replies":[{"embeddable":true,"href":"https:\/\/maiorescu.ro\/nou2015\/wp-json\/wp\/v2\/comments?post=1808"}],"version-history":[{"count":1,"href":"https:\/\/maiorescu.ro\/nou2015\/wp-json\/wp\/v2\/posts\/1808\/revisions"}],"predecessor-version":[{"id":1809,"href":"https:\/\/maiorescu.ro\/nou2015\/wp-json\/wp\/v2\/posts\/1808\/revisions\/1809"}],"wp:attachment":[{"href":"https:\/\/maiorescu.ro\/nou2015\/wp-json\/wp\/v2\/media?parent=1808"}],"wp:term":[{"taxonomy":"category","embeddable":true,"href":"https:\/\/maiorescu.ro\/nou2015\/wp-json\/wp\/v2\/categories?post=1808"},{"taxonomy":"post_tag","embeddable":true,"href":"https:\/\/maiorescu.ro\/nou2015\/wp-json\/wp\/v2\/tags?post=1808"}],"curies":[{"name":"wp","href":"https:\/\/api.w.org\/{rel}","templated":true}]}}